{"id":533,"date":"2020-07-18T07:38:18","date_gmt":"2020-07-18T07:38:18","guid":{"rendered":"http:\/\/privatschulen-ratgeber.de\/blog\/?p=533"},"modified":"2020-07-20T07:38:03","modified_gmt":"2020-07-20T07:38:03","slug":"fotograf-werden-wie","status":"publish","type":"post","link":"https:\/\/privatschulen-ratgeber.de\/blog\/fotograf-werden-wie\/","title":{"rendered":"Fotograf werden &#8211; wie?"},"content":{"rendered":"<p>Die Fotografie ist eine Kunst. Zugleich handelt es sich um einen Ausbildungsberuf f\u00fcr welchen es aber auch ein gewisses Ma\u00df an Talent braucht. Welche F\u00e4higkeiten und welche Ausr\u00fcstung wird f\u00fcr die Berufsausbildung zum Fotografen ben\u00f6tigt?<\/p>\n<p><!--more--><\/p>\n<h2>Die Ausbildung zum Fotografen<\/h2>\n<p>Wer sich f\u00fcr eine Berufsausbildung zum Fotografen entscheidet, sollte das Fotografieren lieben und am besten schon als Hobby betreiben. Die Suche nach dem perfekten Motiv sollte keine Herausforderung darstellen, sondern leicht von der Hand gehen. W\u00e4hrend der Ausbildung zum Fotografen kann die Spezialisierung auf Portrait-, Produkt-, Industrie- oder Architektur-\/Wissenschaftsfotografie erfolgen. Gleichzeitig spielt neben dem Fotografieren selbst auch der Kontakt zu den Kunden eine wichtige Rolle. Zum einen m\u00fcssen die W\u00fcnsche des Kunden erfasst werden und zum anderen muss der Kunde perfekt in Szene gesetzt werden, sodass stets das beste Motiv entsteht. Die Ausbildung zum Fotografen dauert drei Jahren und setzt sich aus einem praktischen und einem schulischen Teil zusammen. In der Theorie werden vor allem die wichtigen Bereiche der Fotografie, wie die Bildformate, die Objektive, die Lichteinstellungen und die Belichtungszeiten, erlernt. Nach der Ausbildung muss ein Fotograf aber nicht im Fotostudio arbeiten, sondern kann auch in verschiedenen Unternehmen oder in der Medienbranche angestellt sein.<\/p>\n<h2>Die Ausr\u00fcstung eines Fotografen<\/h2>\n<p>Wer sich f\u00fcr die Ausbildung zum Fotograf entscheidet, muss sich auch eine eigene <a href=\"https:\/\/fuji.ch\/journal\/professional\/fotokamera-wir-erklaeren-die-unterschiedlichen-funktionen\/\">Fotokamera<\/a> anschaffen. Zur Ausr\u00fcstung sollten neben einer Spiegelreflexkamera, ein Stativ, ein Blitzger\u00e4t und ein Computer geh\u00f6ren. F\u00fcr den Anfang reicht es auch eine Fotokamera zu leihen oder ein gebrauchtes Modell zu kaufen. Zum Ende der Ausbildung sollte jedoch eine eigene Kamera zum Arbeiten angeschafft werden. Zu Beginn der Ausbildung m\u00fcssen sich die Lehrlinge deshalb bewusst sein, dass Kosten in H\u00f6he von mehreren hundert Euro entstehen. Die Anschaffung einer eigenen Kamera ist aber in jedem Fall zu empfehlen, da so das gelernte auch in der Freizeit angewendet und vertieft werden kann.<\/p>\n<p>(Bilderquelle: Pixabay.com &#8211; CC0 Public Domain)<\/p>\n","protected":false},"excerpt":{"rendered":"<p>Die Fotografie ist eine Kunst. Zugleich handelt es sich um einen Ausbildungsberuf f\u00fcr welchen es aber auch ein gewisses Ma\u00df an Talent braucht. Welche F\u00e4higkeiten und welche Ausr\u00fcstung wird f\u00fcr die Berufsausbildung zum Fotografen ben\u00f6tigt?<\/p>\n","protected":false},"author":1,"featured_media":534,"comment_status":"closed","ping_status":"closed","sticky":false,"template":"","format":"standard","meta":{"footnotes":""},"categories":[1],"tags":[47,120],"class_list":["post-533","post","type-post","status-publish","format-standard","has-post-thumbnail","hentry","category-ausbildung","tag-ausbildung","tag-fotograf"],"aioseo_notices":[],"_links":{"self":[{"href":"https:\/\/privatschulen-ratgeber.de\/blog\/wp-json\/wp\/v2\/posts\/533","targetHints":{"allow":["GET"]}}],"collection":[{"href":"https:\/\/privatschulen-ratgeber.de\/blog\/wp-json\/wp\/v2\/posts"}],"about":[{"href":"https:\/\/privatschulen-ratgeber.de\/blog\/wp-json\/wp\/v2\/types\/post"}],"author":[{"embeddable":true,"href":"https:\/\/privatschulen-ratgeber.de\/blog\/wp-json\/wp\/v2\/users\/1"}],"replies":[{"embeddable":true,"href":"https:\/\/privatschulen-ratgeber.de\/blog\/wp-json\/wp\/v2\/comments?post=533"}],"version-history":[{"count":1,"href":"https:\/\/privatschulen-ratgeber.de\/blog\/wp-json\/wp\/v2\/posts\/533\/revisions"}],"predecessor-version":[{"id":535,"href":"https:\/\/privatschulen-ratgeber.de\/blog\/wp-json\/wp\/v2\/posts\/533\/revisions\/535"}],"wp:featuredmedia":[{"embeddable":true,"href":"https:\/\/privatschulen-ratgeber.de\/blog\/wp-json\/wp\/v2\/media\/534"}],"wp:attachment":[{"href":"https:\/\/privatschulen-ratgeber.de\/blog\/wp-json\/wp\/v2\/media?parent=533"}],"wp:term":[{"taxonomy":"category","embeddable":true,"href":"https:\/\/privatschulen-ratgeber.de\/blog\/wp-json\/wp\/v2\/categories?post=533"},{"taxonomy":"post_tag","embeddable":true,"href":"https:\/\/privatschulen-ratgeber.de\/blog\/wp-json\/wp\/v2\/tags?post=533"}],"curies":[{"name":"wp","href":"https:\/\/api.w.org\/{rel}","templated":true}]}}