{"id":671,"date":"2024-07-04T08:09:33","date_gmt":"2024-07-04T08:09:33","guid":{"rendered":"https:\/\/privatschulen-ratgeber.de\/blog\/?p=671"},"modified":"2024-07-04T08:15:04","modified_gmt":"2024-07-04T08:15:04","slug":"medienpaedagogik","status":"publish","type":"post","link":"https:\/\/privatschulen-ratgeber.de\/blog\/medienpaedagogik\/","title":{"rendered":"Medienp\u00e4dagogik"},"content":{"rendered":"\n<p style=\"text-decoration:none\">In unserer Welt sind wir umringt von Medien. Auf Zeitungen, Zeitschriften, Fernsehen, Radio, Internet, Social-Media, Streaming-Portale f\u00fcr Musik und Film und viele weitere Quellen k\u00f6nnen wir jederzeit zugreifen und die Inhalte konsumieren. Doch wie steht es mit der kritischen und bewussten Nutzung von Medien? K\u00f6nnen Medien kreativ genutzt werden, k\u00f6nnen Medien bilden? Mit diesen Fragen besch\u00e4ftigt sich das <a href=\"https:\/\/aixconcept.de\/medienpaedagogik\/\" rel=\"nofollow\" title=\"\">dynamische Feld der Medienp\u00e4dagogik<\/a>. Medienp\u00e4dagogik hat im Fokus, Menschen aus allen Altersgruppen zu bef\u00e4higen, Medien gezielt zu nutzen.<\/p>\n\n\n\n<!--more-->\n\n\n\n<h2 class=\"wp-block-heading\">Medienerziehung<\/h2>\n\n\n\n<p style=\"text-decoration:none\">Ein Bereich der Medienp\u00e4dagogik ist die Medienerziehung. Dabei stehen Kinder und Jugendliche im Zentrum. Die Unterrichtsinhalte sollen helfen dar\u00fcber nachzudenken, welchen Einfluss Medien auf das Leben von Sch\u00fcler haben k\u00f6nnen. Eltern lernen bei Workshops, wie Medien ihre Kinder im allt\u00e4glichen Leben begleiten k\u00f6nnen. Welche Bedeutung haben Datenschutz und Privatsph\u00e4re bei digitalen Medien? Wie k\u00f6nnen soziale Medien positiv genutzt werden und welche Lernerfolge k\u00f6nnen mit interaktiven Lernmitteln erzielt werden?<\/p>\n\n\n\n<p style=\"text-decoration:none\">Medienerziehung soll verstehen lernen, wie Eltern und Lehrer Medien so nutzen k\u00f6nnen, damit deren Potenzial voll ausgesch\u00f6pft werden kann.<\/p>\n\n\n\n<h2 class=\"wp-block-heading\">Mediendidaktik<\/h2>\n\n\n\n<p style=\"text-decoration:none\">Bei der <a href=\"https:\/\/www.lmz-bw.de\/medienbildung\/themen-von-f-bis-z\/medienbildung-theoretische-grundlagen\/grundbegriffe-der-mediendidaktik\" rel=\"nofollow\" title=\"\">Mediendidaktik<\/a> steht die Nutzung von digitalen Tools im Mittelpunkt, die f\u00fcr den Unterricht verwendet werden. Lehrkr\u00e4fte werden weitergebildet, daf\u00fcr Konzepte zu erstellen. Dazu geh\u00f6ren beispielsweise Konzepte f\u00fcr die Nutzung von E-Learning-Plattformen. E-Learning-Plattformen f\u00f6rdern an den Sch\u00fcler angepasstes Lernen und stellen das Tor f\u00fcr weitere Bildungsinhalte dar. Lehrer k\u00f6nnen sich \u00fcber den Status ihrer Sch\u00fcler ein Bild machen, in dem Bewertungssysteme genutzt werden, die die Kompetenz in Bezug auf die Mediennutzung der Sch\u00fclerinnen und Sch\u00fcler anzeigt.<\/p>\n\n\n\n<h2 class=\"wp-block-heading\">Mediensozialisation<\/h2>\n\n\n\n<p style=\"text-decoration:none\">Das Medien enormen Einfluss auf die Gesellschaft haben, ist nicht von der Hand zu weisen. Doch welche Entwicklung, welche Trends lassen sich erkennen? Damit besch\u00e4ftigt sich das Feld der Mediensozialisation. In diesem Rahmen werden Langzeitstudien angelegt, die die soziale Entwicklung der Gesellschaft durch Medien widerspiegeln soll. Welche Einfl\u00fcsse sind mehr oder weniger festzustellen? Wie entwickelt sich die Identit\u00e4tsbildung? Letztere Fragestellung bezieht sich auf die Entwicklung von Individuen und deren Pers\u00f6nlichkeit (bzw. dessen Selbstwahrnehmung) durch die Nutzung von Medien, bspw. durch Social-Media.<\/p>\n\n\n\n<p style=\"text-decoration:none\">Mediensozialisation besch\u00e4ftigt sich aber auch damit, Kindern, Sch\u00fclern und Jugendlichen eine Leitvorgabe zu erstellen, wie diese einen gesunden Bezug zu digitalen Medien und eine gesunde Nutzung deren entwickeln k\u00f6nnen. Im Rahmen der Mediensozialisation werden Austauschrunden organisiert, bei denen Jugendliche \u00fcber ihre Erfahrung im Umgang mit Medien erz\u00e4hlen und \u00fcber die Wirkung auf sie selbst reflektieren.<\/p>\n\n\n\n<h2 class=\"wp-block-heading\">Medienforschung<\/h2>\n\n\n\n<p style=\"text-decoration:none\">Die Medienforschung erkundet neue Technologien der Medien und deren Einfluss auf die Kultur und die <a href=\"https:\/\/www.lmz-bw.de\/medienbildung\/themen-von-f-bis-z\/medienbildung-theoretische-grundlagen\/grundbegriffe-der-mediendidaktik\" rel=\"nofollow\" title=\"\">Bildung innerhalb Gesellschaft<\/a>. Teil der Medienforschung ist das neue Gebiet der K\u00fcnstlichen Intelligenz (KI oder auch AI). Welche Auswirkungen haben Algorithmen der KI auf den Gebrauch von Medien und deren Wahrnehmung? Medienforschung integriert und f\u00f6rdert Forschungsprojekte, die sich mit Medienproduktion, Medienverteilung und Ethik besch\u00e4ftigen. Gerade im ethischen Bereich werden einige Punkte immer wieder diskutiert: Datenschutz und Anonymit\u00e4t, Umgang mit sensiblen Daten, die durch Mediennutzung gespeichert werden, soziale und kulturelle Konsequenzen der Mediennutzung. Dar\u00fcber hinaus m\u00fcssen ethische Standards zusammen mit der Weiterentwicklung der digitalen Mediennutzung angepasst werden. Innerhalb dieses Spektrums muss der Dialog zwischen Ethikern, Wissenschaftler und Praktikern gef\u00f6rdert werden.<\/p>\n\n\n\n<p class=\"has-text-align-right\"><strong>(Bildquelle: Pixabay.com &#8211; CC0 Public Domain)<\/strong><\/p>\n","protected":false},"excerpt":{"rendered":"<p>In unserer Welt sind wir umringt von Medien. Auf Zeitungen, Zeitschriften, Fernsehen, Radio, Internet, Social-Media, Streaming-Portale f\u00fcr Musik und Film und viele weitere Quellen k\u00f6nnen wir jederzeit zugreifen und die Inhalte konsumieren. Doch wie steht es mit der kritischen und bewussten Nutzung von Medien? K\u00f6nnen Medien kreativ genutzt werden, k\u00f6nnen Medien bilden? Mit diesen Fragen [&hellip;]<\/p>\n","protected":false},"author":1,"featured_media":672,"comment_status":"closed","ping_status":"closed","sticky":false,"template":"","format":"standard","meta":{"footnotes":""},"categories":[4],"tags":[152],"class_list":["post-671","post","type-post","status-publish","format-standard","has-post-thumbnail","hentry","category-bildung","tag-meidenpaedagogik"],"aioseo_notices":[],"_links":{"self":[{"href":"https:\/\/privatschulen-ratgeber.de\/blog\/wp-json\/wp\/v2\/posts\/671","targetHints":{"allow":["GET"]}}],"collection":[{"href":"https:\/\/privatschulen-ratgeber.de\/blog\/wp-json\/wp\/v2\/posts"}],"about":[{"href":"https:\/\/privatschulen-ratgeber.de\/blog\/wp-json\/wp\/v2\/types\/post"}],"author":[{"embeddable":true,"href":"https:\/\/privatschulen-ratgeber.de\/blog\/wp-json\/wp\/v2\/users\/1"}],"replies":[{"embeddable":true,"href":"https:\/\/privatschulen-ratgeber.de\/blog\/wp-json\/wp\/v2\/comments?post=671"}],"version-history":[{"count":4,"href":"https:\/\/privatschulen-ratgeber.de\/blog\/wp-json\/wp\/v2\/posts\/671\/revisions"}],"predecessor-version":[{"id":678,"href":"https:\/\/privatschulen-ratgeber.de\/blog\/wp-json\/wp\/v2\/posts\/671\/revisions\/678"}],"wp:featuredmedia":[{"embeddable":true,"href":"https:\/\/privatschulen-ratgeber.de\/blog\/wp-json\/wp\/v2\/media\/672"}],"wp:attachment":[{"href":"https:\/\/privatschulen-ratgeber.de\/blog\/wp-json\/wp\/v2\/media?parent=671"}],"wp:term":[{"taxonomy":"category","embeddable":true,"href":"https:\/\/privatschulen-ratgeber.de\/blog\/wp-json\/wp\/v2\/categories?post=671"},{"taxonomy":"post_tag","embeddable":true,"href":"https:\/\/privatschulen-ratgeber.de\/blog\/wp-json\/wp\/v2\/tags?post=671"}],"curies":[{"name":"wp","href":"https:\/\/api.w.org\/{rel}","templated":true}]}}